{"id":1891,"date":"2019-01-10T17:18:45","date_gmt":"2019-01-10T20:18:45","guid":{"rendered":"https:\/\/www.creattiva.cl\/blog-hosting\/?p=1891"},"modified":"2026-03-16T17:24:03","modified_gmt":"2026-03-16T20:24:03","slug":"eventos-tecnologicos-digitales-2019","status":"publish","type":"post","link":"https:\/\/www.creattiva.cl\/blog-hosting\/eventos-tecnologicos-digitales-2019\/","title":{"rendered":"Los eventos tecnol\u00f3gicos y digitales m\u00e1s importantes de 2019"},"content":{"rendered":"\n<h3 class=\"wp-block-heading\">Las ferias, congresos y exposiciones que no te puedes perder este a\u00f1o. <\/h3>\n\n\n\n<p>En la siguiente publicaci\u00f3n te entregaremos un listado con los <a href=\"https:\/\/www.creattiva.cl\/blog-hosting\/eventos-tecnologicos-digitales-importantes-2020\/\" data-blog-ai=\"1\">eventos tecnol\u00f3gicos y digitales<\/a>, tanto en Chile como en el extranjero, m\u00e1s relevantes de este a\u00f1o.<\/p>\n\n\n\n<p>Acomp\u00e1\u00f1ame a descubrirlos.<\/p>\n\n\n\n<h2 class=\"wp-block-heading\"><strong>Eventos&nbsp;nacionales<\/strong><\/h2>\n\n\n\n<h3 class=\"wp-block-heading\"><strong>Congreso del Futuro<\/strong><\/h3>\n\n\n\n<p><strong>Fecha: <\/strong>del 14 al 20 de enero.<\/p>\n\n\n\n<p><strong>Lugar<\/strong>: Punta Arenas (14), Santiago (14,15,16, 17,18, 19,20), Coyhaique(15), Temuco (16), Concepci\u00f3n (16), Antofagasta (16), Valpara\u00edso (17), Rancagua (17), Talca (17), La Serena (18) y Valdivia (18).<\/p>\n\n\n\n<p><strong>Sitio web:<\/strong> <a href=\"http:\/\/www.congresofuturo.cl\" target=\"_blank\" rel=\"noreferrer noopener\" aria-label=\" (abre en una nueva pesta\u00f1a)\">www.congresodelfuturo.cl<\/a><\/p>\n\n\n\n<p><strong>Precios<\/strong>: entrada liberada con previa inscripci\u00f3n.<\/p>\n\n\n\n<p><strong>Twitter<\/strong>: <a href=\"https:\/\/twitter.com\/congresofuturo\">@<strong>congresofuturo<\/strong><\/a><\/p>\n\n\n\n<p>*Para m\u00e1s informaci\u00f3n sobre las charlas y los recintos donde se realizar\u00e1n haz clic aqu\u00ed. (p\u00e1gina fuera de servicio)<\/p>\n\n\n\n<br>\n\n\n\n<br>\n\n\n\n<h3 class=\"wp-block-heading\"><strong>Hackamine, 1\u00b0 Hackaton de BHP EN Chile<\/strong><\/h3>\n\n\n\n<p><strong>Fecha: <\/strong>28, 29 y 30 de enero.<\/p>\n\n\n\n<p><strong>Lugar:<\/strong> Fundaci\u00f3n Chile (Vitacura, Santiago).<\/p>\n\n\n\n<p><strong>Sitio web:<\/strong> <a href=\"http:\/\/www.expandemineria.cl\/programa\/hackamine\/\" target=\"_blank\" rel=\"noreferrer noopener\" aria-label=\" (abre en una nueva pesta\u00f1a)\">www.expandemineria.cl\/programa\/hackamine\/<\/a><\/p>\n\n\n\n<p><strong>Precios<\/strong>: inscripciones abiertas hasta el 18 de enero. <\/p>\n\n\n\n<p><strong>Premios<\/strong>: US$ 4.000 para el primer lugar, US$ 2.000 para el segundo y US$ 1.000 para el tercero.<\/p>\n\n\n\n<p><strong>Twitter<\/strong>: <a href=\"https:\/\/twitter.com\/ExpandeMineria\" target=\"_blank\" rel=\"noreferrer noopener\" aria-label=\" (abre en una nueva pesta\u00f1a)\">@ExpandeMineria<\/a><\/p>\n\n\n\n<br>\n\n\n\n<br>\n\n\n\n<h3 class=\"wp-block-heading\"><strong>Latam Blockchain Forum<\/strong><\/h3>\n\n\n\n<p><strong>Fecha: &nbsp;<\/strong>31 de enero.<\/p>\n\n\n\n<p><strong>Lugar:<\/strong> Hotel Noi, Vitacura (Santiago). <\/p>\n\n\n\n<p><strong>Sitio web:<\/strong> <a href=\"http:\/\/www.latamblockchainforum.com\" target=\"_blank\" rel=\"noreferrer noopener\" aria-label=\" (abre en una nueva pesta\u00f1a)\">www.latamblockchainforum.com<\/a><\/p>\n\n\n\n<p><strong>Precios<\/strong>: $320.000 CLP. <\/p>\n\n\n\n<p><strong>Twitter<\/strong>: @<strong>latamb2bevents<\/strong> (cuenta cerrada)<\/p>\n\n\n\n<br>\n\n\n\n<br>\n\n\n\n<h3 class=\"wp-block-heading\"><strong>Iot Innovatech Latam 2019<\/strong><\/h3>\n\n\n\n<p><strong>Fecha: <\/strong>2, 3 y 4 de mayo.<\/p>\n\n\n\n<p><strong>Lugar:<\/strong> CasaPiedra, Vitacura (Santiago)<\/p>\n\n\n\n<p><strong>Sitio web:<\/strong> <a href=\"http:\/\/www.iotinnovatech.com\" target=\"_blank\" rel=\"noreferrer noopener\" aria-label=\" (abre en una nueva pesta\u00f1a)\">www.iotinnovatech.com<\/a><\/p>\n\n\n\n<p><strong>Precios<\/strong>: desde $95 USD ($64.234 CLP) hasta $700 USD ($473.305 CLP aprox).<\/p>\n\n\n\n<p><strong>Twitter<\/strong>: <a href=\"https:\/\/twitter.com\/IoTinnovatech\" target=\"_blank\" rel=\"noreferrer noopener\" aria-label=\" (abre en una nueva pesta\u00f1a)\">@IoTinnovatech<\/a><\/p>\n\n\n\n<br>\n\n\n\n<br>\n\n\n\n<h3 class=\"wp-block-heading\"><strong>Conference Transformation 2019<\/strong><\/h3>\n\n\n\n<p><strong>Fecha: <\/strong>16, 17 y 18 de octubre.<\/p>\n\n\n\n<p><strong>Lugar:<\/strong> Universidad de Chile, Independencia (Santiago).<\/p>\n\n\n\n<p><strong>Sitio web:<\/strong> <a href=\"http:\/\/www.transformations2019.org\" target=\"_blank\" rel=\"noreferrer noopener\" aria-label=\" (abre en una nueva pesta\u00f1a)\">www.transformations2019.org<\/a><\/p>\n\n\n\n<p><strong>Precios<\/strong>: sin informaci\u00f3n.<\/p>\n\n\n\n<br>\n\n\n\n<br>\n\n\n\n<h3 class=\"wp-block-heading\"><strong>Congreso Latinoamericano de Tecnolog\u00eda y Negocios Am\u00e9rica (5\u00b0 edici\u00f3n)<\/strong><\/h3>\n\n\n\n<p><strong>Fecha: <\/strong>27 y 28 de noviembre.<\/p>\n\n\n\n<p class=\"has-text-align-left\"><strong>Lugar: <\/strong>Espacio Riesco, Santiago.<\/p>\n\n\n\n<p><strong>Sitio web: <\/strong><a href=\"http:\/\/www.congreso.america-digital.com\" target=\"_blank\" rel=\"noreferrer noopener\" aria-label=\" (abre en una nueva pesta\u00f1a)\">www.congreso.america-digital.com<\/a> <\/p>\n\n\n\n<p><strong>Precios<\/strong>: desde $180.000 CLP hasta &nbsp;$480.000 CLP<\/p>\n\n\n\n<p><strong>Twitter<\/strong>: <a href=\"https:\/\/twitter.com\/americadigital2\" target=\"_blank\" rel=\"noreferrer noopener\" aria-label=\" (abre en una nueva pesta\u00f1a)\">@americadigital2<\/a><\/p>\n\n\n\n<br>\n\n\n\n<br>\n\n\n\n<figure class=\"wp-block-image\"><a class=\"\" href=\"https:\/\/www.congresofuturo.cl\" target=\"_blank\" rel=\"noopener noreferrer\"><img loading=\"lazy\" decoding=\"async\" width=\"710\" height=\"399\" src=\"https:\/\/www.creattiva.cl\/blog-hosting\/wp-content\/uploads\/2019\/01\/eventos-tecnologicos-2019-chile.jpg\" alt=\"Eventos tecnol\u00f3gicos m\u00e1s importantes de Chile y el extranjero.\" class=\"wp-image-1897\" srcset=\"https:\/\/www.creattiva.cl\/blog-hosting\/wp-content\/uploads\/2019\/01\/eventos-tecnologicos-2019-chile.jpg 710w, https:\/\/www.creattiva.cl\/blog-hosting\/wp-content\/uploads\/2019\/01\/eventos-tecnologicos-2019-chile-300x169.jpg 300w\" sizes=\"auto, (max-width: 710px) 100vw, 710px\" \/><\/a><figcaption>Una de las exposiciones m\u00e1s destacadas es Nobel Prize Dialogue, actividad que reunir\u00e1 a cuatro premios Nobel para hablar sobre &#8220;el futuro del aprendizaje&#8221;.<\/figcaption><\/figure>\n\n\n\n<h2 class=\"wp-block-heading\"><strong>Eventos internacionales<\/strong><\/h2>\n\n\n\n<h3 class=\"wp-block-heading\"><strong>Cloudfest<\/strong><\/h3>\n\n\n\n<p><strong>Fecha: <\/strong>del 23 al 29 de marzo.<\/p>\n\n\n\n<p><strong>Lugar:<\/strong> Europa-Park, Alemania.<\/p>\n\n\n\n<p><strong>Sitio web:<\/strong><a href=\"https:\/\/www.cloudfest.com\/\" target=\"_blank\" rel=\"noreferrer noopener\" aria-label=\" (abre en una nueva pesta\u00f1a)\">www.cloudfest.com<\/a><strong> <\/strong><\/p>\n\n\n\n<p><strong>Precios<\/strong>:desde &nbsp;$12,000 \u20ac ($10.000 CLP) hasta $140,000 \u20ac ($109.358 CLP aprox).<\/p>\n\n\n\n<p><strong>Twitter<\/strong>: <a href=\"https:\/\/twitter.com\/cloudfest\" target=\"_blank\" rel=\"noreferrer noopener\" aria-label=\" (abre en una nueva pesta\u00f1a)\">@cloudfest<\/a><\/p>\n\n\n\n<br>\n\n\n\n<br>\n\n\n\n<h3 class=\"wp-block-heading\"><strong>CloudExpo<\/strong><\/h3>\n\n\n\n<p><strong>Fecha:&nbsp;&nbsp;<\/strong>24, 25 y 26 de junio.<\/p>\n\n\n\n<p><strong>Lugar:<\/strong> Santa Clara, California (Estados Unidos).<\/p>\n\n\n\n<p><strong>Sitio web:<\/strong> <a href=\"http:\/\/www.cloudcomputingexpo.com\/\" target=\"_blank\" rel=\"noreferrer noopener\" aria-label=\" (abre en una nueva pesta\u00f1a)\">www.cloudcomputingexpo.com<\/a><\/p>\n\n\n\n<p><strong>Precios<\/strong>: desde &nbsp;$50 USD ($33.800 CLP) hasta $250 USD ($169.000 CLP aprox). <\/p>\n\n\n\n<p><strong>Twitter<\/strong>: <a rel=\"noreferrer noopener\" href=\"https:\/\/twitter.com\/CloudExpoEurope\" target=\"_blank\">@CloudExpo<\/a><\/p>\n\n\n\n<figure><\/figure>\n\n\n\n<br>\n\n\n\n<br>\n\n\n\n<h3 class=\"wp-block-heading\"><strong>Wordcamp Zaragoza <\/strong><\/h3>\n\n\n\n<p><strong>Fecha: <\/strong>26 y 27 de enero.<\/p>\n\n\n\n<p><strong>Lugar:<\/strong> Zaragoza, Espa\u00f1a.<\/p>\n\n\n\n<p><strong>Sitio web: <\/strong>2019.zaragoza.wordcamp.org<\/p>\n\n\n\n<p><strong>Precios<\/strong>: desde &nbsp;$10,000 \u20ac ($7.800 CLP) hasta $20,000 \u20ac ($15.600 CLP aprox).<\/p>\n\n\n\n<p><strong>Twitter<\/strong>: <a href=\"https:\/\/twitter.com\/zaragozawp\" target=\"_blank\" rel=\"noreferrer noopener\" aria-label=\" (abre en una nueva pesta\u00f1a)\">@zaragozawp<\/a><\/p>\n\n\n\n<figure class=\"wp-block-image\"><img loading=\"lazy\" decoding=\"async\" width=\"599\" height=\"299\" src=\"https:\/\/www.creattiva.cl\/blog-hosting\/wp-content\/uploads\/2019\/01\/eventos-digitales-2019-1.jpg\" alt=\"\" class=\"wp-image-1901\" srcset=\"https:\/\/www.creattiva.cl\/blog-hosting\/wp-content\/uploads\/2019\/01\/eventos-digitales-2019-1.jpg 599w, https:\/\/www.creattiva.cl\/blog-hosting\/wp-content\/uploads\/2019\/01\/eventos-digitales-2019-1-300x150.jpg 300w\" sizes=\"auto, (max-width: 599px) 100vw, 599px\" \/><\/a><figcaption>Un Wordcamp es un  congreso enfocado en WordPress y organizado por miembros de la comunidad a nivel local para generar instancias de aprendizaje.<br><\/figcaption><\/figure>\n\n\n\n<br>\n\n\n\n<br>\n\n\n\n<h3 class=\"wp-block-heading\"><strong>Mobile World Congress<\/strong><\/h3>\n\n\n\n<p><strong>Fecha: <\/strong>del 25 al 28 de febrero.<\/p>\n\n\n\n<p><strong>Lugar:<\/strong> Barcelona, Espa\u00f1a.<\/p>\n\n\n\n<p><strong>Sitio web:<\/strong> <a href=\"http:\/\/www.mwcbarcelona.com\" target=\"_blank\" rel=\"noreferrer noopener\" aria-label=\" (abre en una nueva pesta\u00f1a)\">www.mwcbarcelona.com<\/a><\/p>\n\n\n\n<p><strong>Precios<\/strong>: desde $799 \u20ac ($625.000CLP) hasta $4,999 \u20ac ($3.900.000 CLP aprox). <\/p>\n\n\n\n<p><strong>Twitter<\/strong>: <a href=\"https:\/\/twitter.com\/GSMA\" target=\"_blank\" rel=\"noreferrer noopener\" aria-label=\" (abre en una nueva pesta\u00f1a)\">@GSMA<\/a><\/p>\n\n\n\n<br>\n\n\n\n<br>\n\n\n\n<h3 class=\"wp-block-heading\">Google Cloud Next<\/h3>\n\n\n\n<p><strong>Fecha<\/strong>: 9, 10 y 11 de abril.<\/p>\n\n\n\n<p><strong>Lugar<\/strong>: San Francisco, California (Estados Unidos).<\/p>\n\n\n\n<p><strong>Sitio web<\/strong>: <a href=\"https:\/\/cloud.withgoogle.com\/next18\/sf\/\" target=\"_blank\" rel=\"noreferrer noopener\" aria-label=\" (abre en una nueva pesta\u00f1a)\">www.cloud.withgoogle.com<\/a><\/p>\n\n\n\n<p><strong>Precios<\/strong>: por confirmar.<\/p>\n\n\n\n<p><strong>Twitter<\/strong>: <a href=\"https:\/\/twitter.com\/googlecloud\" target=\"_blank\" rel=\"noreferrer noopener\" aria-label=\" (abre en una nueva pesta\u00f1a)\">@googlecloud<\/a><\/p>\n\n\n\n<br>\n\n\n\n<br>\n\n\n\n<h3 class=\"wp-block-heading\">Dell Technologies World<\/h3>\n\n\n\n<p><strong>Fecha:&nbsp;<\/strong>del 29 de abril al&nbsp;2&nbsp;de&nbsp;mayo.<\/p>\n\n\n\n<p><strong>Lugar:<\/strong> Las Vegas, Estados Unidos. <\/p>\n\n\n\n<p><strong>Sitio web:<\/strong> <a href=\"http:\/\/www.delltechnologiesworld.com\" target=\"_blank\" rel=\"noreferrer noopener\" aria-label=\" (abre en una nueva pesta\u00f1a)\">www.delltechnologiesworld.com<\/a><\/p>\n\n\n\n<p><strong>Precios<\/strong>:  desde $2.095 USD ($1.400 CLP) hasta $4,999 USD ($3.400 CLP aprox).  <\/p>\n\n\n\n<p><strong>Twitter<\/strong>: <a rel=\"noreferrer noopener\" href=\"https:\/\/twitter.com\/DellTechWorld\" target=\"_blank\">@DellTechWorld<\/a><\/p>\n","protected":false},"excerpt":{"rendered":"<p>Las ferias, congresos y exposiciones que no te puedes perder este a\u00f1o. En la siguiente publicaci\u00f3n te entregaremos un listado con los eventos tecnol\u00f3gicos y digitales, tanto en Chile como en el extranjero, m\u00e1s relevantes de este a\u00f1o. Acomp\u00e1\u00f1ame a descubrirlos. Eventos&nbsp;nacionales Congreso del Futuro Fecha: del 14 al 20 de enero. Lugar: Punta Arenas &#8230; <a title=\"Los eventos tecnol\u00f3gicos y digitales m\u00e1s importantes de 2019\" class=\"read-more\" href=\"https:\/\/www.creattiva.cl\/blog-hosting\/eventos-tecnologicos-digitales-2019\/\" aria-label=\"Leer m\u00e1s sobre Los eventos tecnol\u00f3gicos y digitales m\u00e1s importantes de 2019\">Leer m\u00e1s<\/a><\/p>\n","protected":false},"author":2,"featured_media":2154,"comment_status":"closed","ping_status":"closed","sticky":false,"template":"","format":"standard","meta":{"_blog_ai_meta_title":"","_blog_ai_meta_description":"Las ferias, congresos y exposiciones que no te puedes perder este a\u00f1o. En la siguiente publicaci\u00f3n te entregaremos un listado con los eventos...","_blog_ai_faq_schema":"","_blog_ai_author_schema":"","_blog_ai_author_bio":"","_blog_ai_author_avatar":"","_blog_ai_author_avatar_url":"","footnotes":""},"categories":[60],"tags":[251,247,249,250,248],"class_list":["post-1891","post","type-post","status-publish","format-standard","has-post-thumbnail","hentry","category-tech","tag-congresos-2019","tag-eventos-2019","tag-eventos-digitales","tag-eventos-tecnologicos","tag-ferias-tecnologicas"],"_links":{"self":[{"href":"https:\/\/www.creattiva.cl\/blog-hosting\/wp-json\/wp\/v2\/posts\/1891","targetHints":{"allow":["GET"]}}],"collection":[{"href":"https:\/\/www.creattiva.cl\/blog-hosting\/wp-json\/wp\/v2\/posts"}],"about":[{"href":"https:\/\/www.creattiva.cl\/blog-hosting\/wp-json\/wp\/v2\/types\/post"}],"author":[{"embeddable":true,"href":"https:\/\/www.creattiva.cl\/blog-hosting\/wp-json\/wp\/v2\/users\/2"}],"replies":[{"embeddable":true,"href":"https:\/\/www.creattiva.cl\/blog-hosting\/wp-json\/wp\/v2\/comments?post=1891"}],"version-history":[{"count":33,"href":"https:\/\/www.creattiva.cl\/blog-hosting\/wp-json\/wp\/v2\/posts\/1891\/revisions"}],"predecessor-version":[{"id":4848,"href":"https:\/\/www.creattiva.cl\/blog-hosting\/wp-json\/wp\/v2\/posts\/1891\/revisions\/4848"}],"wp:featuredmedia":[{"embeddable":true,"href":"https:\/\/www.creattiva.cl\/blog-hosting\/wp-json\/wp\/v2\/media\/2154"}],"wp:attachment":[{"href":"https:\/\/www.creattiva.cl\/blog-hosting\/wp-json\/wp\/v2\/media?parent=1891"}],"wp:term":[{"taxonomy":"category","embeddable":true,"href":"https:\/\/www.creattiva.cl\/blog-hosting\/wp-json\/wp\/v2\/categories?post=1891"},{"taxonomy":"post_tag","embeddable":true,"href":"https:\/\/www.creattiva.cl\/blog-hosting\/wp-json\/wp\/v2\/tags?post=1891"}],"curies":[{"name":"wp","href":"https:\/\/api.w.org\/{rel}","templated":true}]}}