{"id":2471,"date":"2019-02-26T18:25:23","date_gmt":"2019-02-26T21:25:23","guid":{"rendered":"https:\/\/www.creattiva.cl\/blog-hosting\/?p=2471"},"modified":"2026-04-16T16:23:01","modified_gmt":"2026-04-16T20:23:01","slug":"mobile-world-congress-2019-tendencias-jornada","status":"publish","type":"post","link":"https:\/\/www.creattiva.cl\/blog-hosting\/mobile-world-congress-2019-tendencias-jornada\/","title":{"rendered":"MWC: Conoce las novedades de la 1\u00b0 y 2\u00b0 jornada del evento m\u00e1s grande de tecnolog\u00eda m\u00f3vil"},"content":{"rendered":"\n<h3 class=\"wp-block-heading\">Compa\u00f1\u00edas como Huawei, Sony, SanDisk y SEAT, marcaron el estreno de la feria tecnol\u00f3gica Mobile World Congress 2019.<br><\/h3>\n\n\n\n<p>La mayor feria de dispositivos m\u00f3viles del a\u00f1o ya tiene cifras r\u00e9cord, con una asistencia aproximada de m\u00e1s de 100.000 personas y con 2.400 empresas expositoras, el Mobile World Congress (MWC)  2019 nuevamente se alza como uno de los <a href=\"https:\/\/www.creattiva.cl\/blog-hosting\/eventos-tecnologicos-digitales-importantes-2020\/\" data-blog-ai=\"1\">eventos tecnol\u00f3gicos<\/a> m\u00e1s importantes del a\u00f1o. <\/p>\n\n\n\n<p>La exhibici\u00f3n que se llevar\u00e1 a cabo en Barcelona, ya vive sus primeras d\u00edas de estreno y algunas empresas decidieron adelantar al p\u00fablico sus novedades. <\/p>\n\n\n\n<h2 class=\"has-text-align-center wp-block-heading\">Novedades de Mobile World Congress 2019<\/h2>\n\n\n\n<\/br>\n\n\n\n<h2 class=\"has-text-align-left wp-block-heading\"><strong>Huawei Mate X<\/strong><\/h2>\n\n\n\n<p>Huawei Technologies nos sorprendi\u00f3 con un \u201cnuevo doblaje\u201d de pantalla.<\/p>\n\n\n\n<p>A diferencia de otros dispositivos como el Samsung Galaxy Fold, que ofrece una pantalla interior y otra exterior, el Huawei Mate X tiene un solo panel que se pliega para funcionar como <em>tablet <\/em>o bien como <em>smartphone<\/em>.<\/p>\n\n\n\n<p>El equipo tambi\u00e9n tendr\u00eda un chip Balong 5000, lo que convertir\u00eda al Huawei Mate X en el <em>smartphone<\/em> con el terminal 5G m\u00e1s r\u00e1pido del mundo. <\/p>\n\n\n\n<p>Por \u00faltimo, la multinacional china tambi\u00e9n tiene un sistema de carga ultra r\u00e1pido, que cargar\u00eda un 85% total de la bater\u00eda en tan solo 30 minutos. <br><\/p>\n\n\n\n<blockquote class=\"instagram-media\" data-instgrm-captioned=\"\" data-instgrm-permalink=\"https:\/\/www.instagram.com\/p\/BuTZ16IAe7o\/?utm_source=ig_embed&amp;utm_medium=loading\" data-instgrm-version=\"12\" style=\"background:#FFF;border:0;border-radius:3px;margin: 1px;max-width:540px;min-width:326px;padding:0;width:99.375%;width:-webkit-calc(100% - 2px);width:calc(100% - 2px)\"><div style=\"padding:16px\"> <a href=\"https:\/\/www.instagram.com\/p\/BuTZ16IAe7o\/?utm_source=ig_embed&amp;utm_medium=loading\" style=\"background:#FFFFFF;line-height:0;padding:0 0;text-align:center;text-decoration:none;width:100%\" target=\"_blank\" rel=\"noopener noreferrer\"> <div style=\"flex-direction: row;align-items: center\"> <div style=\"background-color: #F4F4F4;border-radius: 50%;flex-grow: 0;height: 40px;margin-right: 14px;width: 40px\"><\/div> <div style=\"flex-direction: column;flex-grow: 1;justify-content: center\"> <div style=\"background-color: #F4F4F4;border-radius: 4px;flex-grow: 0;height: 14px;margin-bottom: 6px;width: 100px\"><\/div> <div style=\"background-color: #F4F4F4;border-radius: 4px;flex-grow: 0;height: 14px;width: 60px\"><\/div><\/div><\/div><div style=\"padding: 19% 0\"><\/div><div style=\"height:50px;margin:0 auto 12px;width:50px\"><\/div><div style=\"padding-top: 8px\"> <div style=\"color:#3897f0;font-family:Arial,sans-serif;font-size:14px;font-style:normal;font-weight:550;line-height:18px\"> Ver esta publicaci\u00f3n en Instagram<\/div><\/div><div style=\"padding: 12.5% 0\"><\/div> <div style=\"flex-direction: row;margin-bottom: 14px;align-items: center\"><div> <div style=\"background-color: #F4F4F4;border-radius: 50%;height: 12.5px;width: 12.5px\"><\/div> <div style=\"background-color: #F4F4F4;height: 12.5px;width: 12.5px;flex-grow: 0;margin-right: 14px;margin-left: 2px\"><\/div> <div style=\"background-color: #F4F4F4;border-radius: 50%;height: 12.5px;width: 12.5px\"><\/div><\/div><div style=\"margin-left: 8px\"> <div style=\"background-color: #F4F4F4;border-radius: 50%;flex-grow: 0;height: 20px;width: 20px\"><\/div> <div style=\"width: 0;height: 0;border-top: 2px solid transparent;border-left: 6px solid #f4f4f4;border-bottom: 2px solid transparent\"><\/div><\/div><div style=\"margin-left: auto\"> <div style=\"width: 0px;border-top: 8px solid #F4F4F4;border-right: 8px solid transparent\"><\/div> <div style=\"background-color: #F4F4F4;flex-grow: 0;height: 12px;width: 16px\"><\/div> <div style=\"width: 0;height: 0;border-top: 8px solid #F4F4F4;border-left: 8px solid transparent\"><\/div><\/div><\/div><\/a> <p style=\"margin:8px 0 0 0;padding:0 4px\"> <a href=\"https:\/\/www.instagram.com\/p\/BuTZ16IAe7o\/?utm_source=ig_embed&amp;utm_medium=loading\" style=\"color:#000;font-family:Arial,sans-serif;font-size:14px;font-style:normal;font-weight:normal;line-height:17px;text-decoration:none\" target=\"_blank\" rel=\"noopener noreferrer\">Welcome to the fold. #HUAWEIMateX #ConnectingTheFuture<\/a><\/p> <p style=\"color:#c9c8cd;font-family:Arial,sans-serif;font-size:14px;line-height:17px;margin-bottom:0;margin-top:8px;overflow:hidden;padding:8px 0 7px;text-align:center\">Una publicaci\u00f3n compartida de <a href=\"https:\/\/www.instagram.com\/huaweimobile\/?utm_source=ig_embed&amp;utm_medium=loading\" style=\"color:#c9c8cd;font-family:Arial,sans-serif;font-size:14px;font-style:normal;font-weight:normal;line-height:17px\" target=\"_blank\" rel=\"noopener noreferrer\"> Huawei Mobile<\/a> (@huaweimobile) el 25 Feb, 2019 a las 3:32 PST<\/p><\/div><\/blockquote> \n\n\n\n<\/br>\n\n\n\n<h2 class=\"has-text-align-left wp-block-heading\">SanDisk: microSD de un TB<\/h2>\n\n\n\n<p>En la primera jornada del Mobile World Congress, la compa\u00f1\u00eda SanDisk dio un nuevo paso en la industria del almacenamiento.<\/p>\n\n\n\n<p>Se trata de las primeras tarjetas microSD de 1 TB en el mundo. &nbsp;Estas tarjetas, tienen un m\u00e1ximo de lectura de hasta 160 MB\/s, y seg\u00fan las autoridades de SanDisk, estar\u00e1n a la venta en abril de 2019.<\/p>\n\n\n\n<p>Esta peque\u00f1a tarjeta tendr\u00e1 un valor aproximado de USD $449.99 (CLP $292.583 aprox).<br><\/p>\n\n\n\n<figure class=\"wp-block-image\"><img loading=\"lazy\" decoding=\"async\" width=\"970\" height=\"647\" src=\"https:\/\/www.creattiva.cl\/blog-hosting\/wp-content\/uploads\/2019\/02\/MicroSD-Express.jpg\" alt=\"\" class=\"wp-image-2476\" srcset=\"https:\/\/www.creattiva.cl\/blog-hosting\/wp-content\/uploads\/2019\/02\/MicroSD-Express.jpg 970w, https:\/\/www.creattiva.cl\/blog-hosting\/wp-content\/uploads\/2019\/02\/MicroSD-Express-300x200.jpg 300w, https:\/\/www.creattiva.cl\/blog-hosting\/wp-content\/uploads\/2019\/02\/MicroSD-Express-768x512.jpg 768w\" sizes=\"auto, (max-width: 970px) 100vw, 970px\" \/><\/figure>\n\n\n\n<\/br>\n\n\n\n<h2 class=\"has-text-align-left wp-block-heading\"><strong>Sony Xperia X1<\/strong><\/h2>\n\n\n\n<p>Sony tampoco se qued\u00f3 atr\u00e1s,  y tambi\u00e9n estren\u00f3 un celular \u00fanico en el mundo: el Sony Xperia X1. <\/p>\n\n\n\n<p>Este es el primer m\u00f3vil con <a href=\"https:\/\/www.creattiva.cl\/blog-hosting\/maximiza-el-rendimiento-de-tu-negocio-con-dell\/\" data-blog-ai=\"1\">pantalla OLED 4K HDR<\/a> y con una pantalla alargada con una relaci\u00f3n de aspecto 21:9 (mucho m\u00e1s alargada que los <em>smartphones<\/em> comunes).<\/p>\n\n\n\n<p>Este modelo tambi\u00e9n incluye tres c\u00e1maras: una normal, de gran angular y otra de teleobjetivo.<\/p>\n\n\n\n<p>Por \u00faltimo, otra caracter\u00edstica del Sony Xperia X1 es su sistema de grabaci\u00f3n a 4K HDR a 24 cuadros y con una estabilizaci\u00f3n de imagen. <\/p>\n\n\n\n<p><br><\/p>\n\n\n\n\n\n\n\n<\/br>\n\n\n\n<div><aside style=\"padding: 20px 16px;background-color: #ededed\"><p><strong><a href=\"https:\/\/www.creattiva.cl\/\">\u00bfEn busca de un hosting en Chile?<\/a><\/strong> Experimenta la estabilidad, seguridad y rapidez de nuestro servicio. Tenemos una prueba gratuita de 14 d\u00edas (a diferencia de otros, nosotros no te exigimos datos bancarios).\n <\/p><\/aside><\/div>\n\n\n\n<h2 class=\"has-text-align-left wp-block-heading\"><strong>SEAT Minim\u00f3<\/strong><\/h2>\n\n\n\n<p>La compa\u00f1\u00eda espa\u00f1ola de autom\u00f3viles, SEAT, arrib\u00f3 al Mobile World Congress 2019 con una propuesta de <a href=\"https:\/\/www.creattiva.cl\/blog-hosting\/el-legado-del-coronavirus-los-nuevos-habitos-de-consumo-que-marcaran-el-mundo-empresarial\/\" data-blog-ai=\"1\">movilizaci\u00f3n sustentable<\/a> que ya causa revuelo en redes sociales. <\/p>\n\n\n\n<p>Este auto es 100% el\u00e9ctrico y con una sola carga, puede recorrer m\u00e1s de 100 km\/h. <\/p>\n\n\n\n<p>El microveh\u00edculo ocupa un espacio de 3,1 metros cuadrados, una gran diferencia si lo comparamos con los 7,2 metros cuadrados que ocupan los <a href=\"https:\/\/www.creattiva.cl\/blog-hosting\/chile-ataques-phishing-latinoamerica\/\" data-blog-ai=\"1\">autom\u00f3viles comunes<\/a>.  <\/p>\n\n\n\n\n\n\n\n<\/br>\n\n\n\n<p>Aunque varias compa\u00f1\u00edas ya han exhibido sus \u00faltimos avances tecnol\u00f3gicos, a\u00fan quedan dos d\u00edas para finalizar el Mobile World Congress y muchas sorpresas por delante. <\/p>\n","protected":false},"excerpt":{"rendered":"<p>Compa\u00f1\u00edas como Huawei, Sony, SanDisk y SEAT, marcaron el estreno de la feria tecnol\u00f3gica Mobile World Congress 2019. La mayor feria de dispositivos m\u00f3viles del a\u00f1o ya tiene cifras r\u00e9cord, con una asistencia aproximada de m\u00e1s de 100.000 personas y con 2.400 empresas expositoras, el Mobile World Congress (MWC) 2019 nuevamente se alza como uno &#8230; <a title=\"MWC: Conoce las novedades de la 1\u00b0 y 2\u00b0 jornada del evento m\u00e1s grande de tecnolog\u00eda m\u00f3vil\" class=\"read-more\" href=\"https:\/\/www.creattiva.cl\/blog-hosting\/mobile-world-congress-2019-tendencias-jornada\/\" aria-label=\"Leer m\u00e1s sobre MWC: Conoce las novedades de la 1\u00b0 y 2\u00b0 jornada del evento m\u00e1s grande de tecnolog\u00eda m\u00f3vil\">Leer m\u00e1s<\/a><\/p>\n","protected":false},"author":1,"featured_media":2501,"comment_status":"open","ping_status":"closed","sticky":false,"template":"","format":"standard","meta":{"_blog_ai_meta_title":"","_blog_ai_meta_description":"Compa\u00f1\u00edas como Huawei, Sony, SanDisk y SEAT, marcaron el estreno de la feria tecnol\u00f3gica Mobile World Congress 2019. La mayor feria de dispositivos...","_blog_ai_faq_schema":"","_blog_ai_author_schema":"","_blog_ai_author_bio":"","_blog_ai_author_avatar":"","_blog_ai_author_avatar_url":"","footnotes":""},"categories":[60],"tags":[],"class_list":["post-2471","post","type-post","status-publish","format-standard","has-post-thumbnail","hentry","category-tech"],"_links":{"self":[{"href":"https:\/\/www.creattiva.cl\/blog-hosting\/wp-json\/wp\/v2\/posts\/2471","targetHints":{"allow":["GET"]}}],"collection":[{"href":"https:\/\/www.creattiva.cl\/blog-hosting\/wp-json\/wp\/v2\/posts"}],"about":[{"href":"https:\/\/www.creattiva.cl\/blog-hosting\/wp-json\/wp\/v2\/types\/post"}],"author":[{"embeddable":true,"href":"https:\/\/www.creattiva.cl\/blog-hosting\/wp-json\/wp\/v2\/users\/1"}],"replies":[{"embeddable":true,"href":"https:\/\/www.creattiva.cl\/blog-hosting\/wp-json\/wp\/v2\/comments?post=2471"}],"version-history":[{"count":34,"href":"https:\/\/www.creattiva.cl\/blog-hosting\/wp-json\/wp\/v2\/posts\/2471\/revisions"}],"predecessor-version":[{"id":5001,"href":"https:\/\/www.creattiva.cl\/blog-hosting\/wp-json\/wp\/v2\/posts\/2471\/revisions\/5001"}],"wp:featuredmedia":[{"embeddable":true,"href":"https:\/\/www.creattiva.cl\/blog-hosting\/wp-json\/wp\/v2\/media\/2501"}],"wp:attachment":[{"href":"https:\/\/www.creattiva.cl\/blog-hosting\/wp-json\/wp\/v2\/media?parent=2471"}],"wp:term":[{"taxonomy":"category","embeddable":true,"href":"https:\/\/www.creattiva.cl\/blog-hosting\/wp-json\/wp\/v2\/categories?post=2471"},{"taxonomy":"post_tag","embeddable":true,"href":"https:\/\/www.creattiva.cl\/blog-hosting\/wp-json\/wp\/v2\/tags?post=2471"}],"curies":[{"name":"wp","href":"https:\/\/api.w.org\/{rel}","templated":true}]}}