{"id":3386,"date":"2020-02-27T17:04:16","date_gmt":"2020-02-27T20:04:16","guid":{"rendered":"https:\/\/www.creattiva.cl\/blog-hosting\/?p=3386"},"modified":"2026-04-01T08:52:47","modified_gmt":"2026-04-01T11:52:47","slug":"eventos-tecnologicos-digitales-importantes-2020","status":"publish","type":"post","link":"https:\/\/www.creattiva.cl\/blog-hosting\/eventos-tecnologicos-digitales-importantes-2020\/","title":{"rendered":"Los eventos tecnol\u00f3gicos y digitales m\u00e1s importantes de 2020"},"content":{"rendered":"\n<h3 class=\"wp-block-heading\">Los eventos, ferias, congresos y exposiciones que marcar\u00e1n tendencia este a\u00f1o.<\/h3>\n\n\n\n<p>No puedes planificar tus movimientos para este 2020, sin antes echarle un vistazo a los eventos tecnol\u00f3gicos y digitales m\u00e1s importantes para Chile y el extranjero.<\/p>\n\n\n\n<p>Las siguientes conferencias re\u00fanen a los actores m\u00e1s importantes de la industria nacional e internacional, y cada uno de ellos representa una oportunidad para conocer las <a href=\"https:\/\/www.creattiva.cl\/blog-hosting\/el-legado-del-coronavirus-los-nuevos-habitos-de-consumo-que-marcaran-el-mundo-empresarial\/\" data-blog-ai=\"1\">\u00faltimas tendencias<\/a> e innovaciones del mercado.<\/p>\n\n\n\n<h2 class=\"has-text-align-center wp-block-heading\">Eventos nacionales<\/h2>\n\n\n\n<h3 class=\"wp-block-heading\">Digital Roads<\/h3>\n\n\n\n<p><strong>Fecha<\/strong>: 26 y 27 de marzo.<br><\/p>\n\n\n\n<p><strong>Lugar<\/strong>: Hotel Sheraton (Av. Santa Mar\u00eda 1742, Providencia), Santiago.<br><\/p>\n\n\n\n<p><strong>Sitio web<\/strong>: <a href=\"https:\/\/www.iniciativaschiletec.org\/\">www.iniciativaschiletec.org<\/a><\/p>\n\n\n\n<p><strong>Precios<\/strong>: entrada liberada con previa inscripci\u00f3n.<br><\/p>\n\n\n\n<p><strong>Twitter<\/strong>: sin informaci\u00f3n<\/p>\n\n\n\n<\/br>\n\n\n\n<h3 class=\"wp-block-heading\">eCommerce Day Tour<\/h3>\n\n\n\n<p><strong>Fecha<\/strong>: mi\u00e9rcoles 29 de abril.<br><\/p>\n\n\n\n<p><strong>Lugar<\/strong>: Centro Parque (av. Presidente Riesco 5330, Las Condes), Santiago.<br><\/p>\n\n\n\n<p><strong>Sitio web<\/strong>: <a href=\"https:\/\/ecommerceday.cl\/2020\/\">www.ecommerceday.cl<\/a><\/p>\n\n\n\n<p><strong>Precios<\/strong>: desde $85.000 CLP a $170.000 CLP.<\/p>\n\n\n\n<p><strong>Twitter<\/strong>: <a href=\"https:\/\/twitter.com\/eCommerceDay\">twitter.com\/eCommerceDay<\/a><\/p>\n\n\n\n<\/br>\n\n\n\n<h3 class=\"wp-block-heading\">America Digital<\/h3>\n\n\n\n<p><strong>Fecha<\/strong>: 13 y 14 de mayo.<br><\/p>\n\n\n\n<p><strong>Lugar<\/strong>: Espacio Riesco (av. El Salto 5000, Huechuraba), Santiago.<br><\/p>\n\n\n\n<p><strong>Sitio web<\/strong>: <a href=\"https:\/\/congreso.america-digital.com\/\">www.congreso.america-digital.com<\/a><\/p>\n\n\n\n<p><strong>Precios<\/strong>: desde $240.000 , hasta $480.000 CLP.<\/p>\n\n\n\n<p><strong>Instagram<\/strong>: <a href=\"https:\/\/www.instagram.com\/americadigital2\/\">www.instagram.com\/americadigital2<\/a><\/p>\n\n\n\n<\/br>\n\n\n\n<div class=\"wp-block-image\"><figure class=\"aligncenter\"><img loading=\"lazy\" decoding=\"async\" width=\"653\" height=\"431\" src=\"https:\/\/www.creattiva.cl\/blog-hosting\/wp-content\/uploads\/2020\/02\/Summit-Pais-Digital-Pi\u00f1era-compressed.jpg\" alt=\"\" class=\"wp-image-3392\" srcset=\"https:\/\/www.creattiva.cl\/blog-hosting\/wp-content\/uploads\/2020\/02\/Summit-Pais-Digital-Pi\u00f1era-compressed.jpg 653w, https:\/\/www.creattiva.cl\/blog-hosting\/wp-content\/uploads\/2020\/02\/Summit-Pais-Digital-Pi\u00f1era-compressed-300x198.jpg 300w\" sizes=\"auto, (max-width: 653px) 100vw, 653px\" \/><figcaption>El presidente de Chile, Sebasti\u00e1n Pi\u00f1era, particip\u00f3 en la \u00faltima versi\u00f3n de America Digital; instancia que aprovecho para destacar los \u00faltimos proyectos tecnol\u00f3gicos del gobierno. <\/figcaption><\/figure><\/div>\n\n\n\n<h3 class=\"wp-block-heading\">Mining Tech South America<\/h3>\n\n\n\n<p><strong>Fecha<\/strong>: 18 y 19 de mayo.<br><\/p>\n\n\n\n<p><strong>Lugar<\/strong>: Hotel Crowne Plaza (av. Libertador Bernardo O\u2019higgins 136), Santiago.<br><\/p>\n\n\n\n<p><strong>Sitio web<\/strong>: <a href=\"https:\/\/www.miningtechsouthamerica.com\/\">www.miningtechsouthamerica.com<\/a><\/p>\n\n\n\n<p><strong>Precios<\/strong>: desde $995 a $2.395 USD.<\/p>\n\n\n\n<p><strong>Twitter<\/strong>: <a href=\"https:\/\/twitter.com\/MiningTech1\">twitter.com\/MiningTech1<\/a><\/p>\n\n\n\n<\/br>\n\n\n\n<h3 class=\"wp-block-heading\">Proptech Latam Summit Chile<\/h3>\n\n\n\n<p><strong>Fecha<\/strong>: jueves 25 de junio (por confirmar).<br><\/p>\n\n\n\n<p><strong>Lugar<\/strong>: Hotel Icon (Alonso de C\u00f3rdova 6050, Las Condes), Santiago.<br><\/p>\n\n\n\n<p><strong>Sitio web<\/strong>: <a href=\"https:\/\/proptechlatam.com\/\">www.proptechlatam.com<\/a><\/p>\n\n\n\n<p><strong>Precios<\/strong>: desde los $200 a  $2.000 USD.<\/p>\n\n\n\n<p><strong>Twitter<\/strong>:<a href=\"https:\/\/twitter.com\/LatamProptech\"> twitter.com\/LatamProptech<\/a><\/p>\n\n\n\n<\/br>\n\n\n\n<h3 class=\"wp-block-heading\">IoT Innovatech Latam<\/h3>\n\n\n\n<p><strong>Fecha<\/strong>: 6 y 7 de julio.<br><\/p>\n\n\n\n<p><strong>Lugar<\/strong>: Centro Parque (av.Presidente Riesco 5330, Las Condes), Santiago.<br><\/p>\n\n\n\n<p><strong>Sitio web<\/strong>: <a href=\"https:\/\/iotinnovatech.com\/\">www.iotinnovatech.com<\/a><\/p>\n\n\n\n<p><strong>Precios<\/strong>: desde $75.000 a $215.000 CLP.<\/p>\n\n\n\n<p><strong>Twitter<\/strong>: <a href=\"https:\/\/twitter.com\/IoTinnovatech\">twitter.com\/IoTinnovatech<\/a><\/p>\n\n\n\n<\/br>\n\n\n\n<h3 class=\"wp-block-heading\">Expo Energ\u00eda<\/h3>\n\n\n\n<p><strong>Fecha<\/strong>: martes 4 de agosto.<br><\/p>\n\n\n\n<p><strong>Lugar<\/strong>: Hotel Plaza El Bosque (Manquehue Norte 656, Las Condes), Santiago.<br><\/p>\n\n\n\n<p><strong>Sitio web<\/strong>: <a href=\"http:\/\/www.expoenergia.cl\/2020\/index.mvc\">www.expoenergia.c<\/a>l<\/p>\n\n\n\n<p><strong>Precios<\/strong>: aunque no existe informaci\u00f3n expl\u00edcita, la \u00faltima versi\u00f3n solamente requer\u00eda una inscripci\u00f3n previa para asistir.<\/p>\n\n\n\n<p><strong>Twitter<\/strong>: sin informaci\u00f3n.<\/p>\n\n\n\n<\/br>\n\n\n\n<h3 class=\"wp-block-heading\">Summit Pa\u00eds Digital (edici\u00f3n n\u00b08)<\/h3>\n\n\n\n<p><strong>Fecha<\/strong>: 1 y 2 de septiembre.<br><\/p>\n\n\n\n<p><strong>Lugar<\/strong>: Hotel W (Isidora Goyenechea 3000, Las Condes), Santiago.<br><\/p>\n\n\n\n<p><strong>Sitio web<\/strong>: <a href=\"https:\/\/summit.paisdigital.org\/\">www.summit.paisdigital.org<\/a><\/p>\n\n\n\n<p><strong>Precios<\/strong>: aunque no existe informaci\u00f3n expl\u00edcita, la \u00faltima versi\u00f3n solamente requer\u00eda una inscripci\u00f3n previa para asistir.<\/p>\n\n\n\n<p><strong>Twitter<\/strong>: <a href=\"https:\/\/twitter.com\/fpaisdigital\">twitter.com\/fpaisdigital<\/a><\/p>\n\n\n\n\n\n\n\n<\/br>\n\n\n\n<h3 class=\"wp-block-heading\">Conferencia Internacional de Data Science Day (edici\u00f3n sur)<\/h3>\n\n\n\n<p><strong>Fecha<\/strong>: s\u00e1bado 17 de octubre.<br><\/p>\n\n\n\n<p><strong>Lugar<\/strong>: Centro Nace Bci (Los Militares 4611, Las Condes), Santiago.<br><\/p>\n\n\n\n<p><strong>Sitio web<\/strong>: <a href=\"https:\/\/www.meetup.com\/es-ES\/BI-Expert\/events\/265391122\/\">www.meetup.com\/es-ES\/BI-Expert\/events\/265391122\/<\/a><\/p>\n\n\n\n<p><strong>Precios<\/strong>: entrada liberada con previa inscripci\u00f3n. Adicionalmente, se vender\u00e1n certificados de participaci\u00f3n a $5.000 CLP.<\/p>\n\n\n\n<p><strong>Twitter<\/strong>: sin informaci\u00f3n.<\/p>\n\n\n\n<\/br>\n\n\n\n<h3 class=\"wp-block-heading\">Digital Bank<\/h3>\n\n\n\n<p><strong>Fecha<\/strong>: mi\u00e9rcoles 11 de diciembre<br><\/p>\n\n\n\n<p><strong>Lugar<\/strong>: Hotel W (Isidora Goyenechea 3000, Las Condes), Santiago.<br><\/p>\n\n\n\n<p><strong>Sitio web<\/strong>:  <a href=\"http:\/\/www.digitalbankla.com\/proximos-eventos\/santiago\/\">www.digitalbankla.com\/proximos-eventos\/santiago<\/a><a href=\"http:\/\/www.digitalbankla.com\/\"><\/a><\/p>\n\n\n\n<p><strong>Precios<\/strong>: sin informaci\u00f3n.<\/p>\n\n\n\n<p><strong>Twitter<\/strong>: <a href=\"https:\/\/twitter.com\/DigitalBankLA\">twitter.com\/DigitalBankLA<\/a><\/p>\n\n\n\n<\/br>\n\n\n\n<h2 class=\"has-text-align-center wp-block-heading\">Eventos internacionales<\/h2>\n\n\n\n<h3 class=\"wp-block-heading\">Mobile World Congress  (cancelado)<\/h3>\n\n\n\n<p><strong>Fecha<\/strong>: del 1 al 4 de marzo de 2021.<br><\/p>\n\n\n\n<p><strong>Lugar<\/strong>: Barcelona, Espa\u00f1a.<br><\/p>\n\n\n\n<p><strong>Sitio web<\/strong>: <a href=\"https:\/\/www.mwcbarcelona.com\/\">www.mwcbarcelona.com<\/a><\/p>\n\n\n\n<p><strong>Precios<\/strong>: sin informaci\u00f3n.<\/p>\n\n\n\n<p><strong>Twitter<\/strong>: <a href=\"https:\/\/twitter.com\/GSMAEvents\">twitter.com\/GSMAEvents<\/a><\/p>\n\n\n\n<p>*** La versi\u00f3n n\u00famero 14\u00b0 del Mobile World Congress ten\u00eda como fecha de inicio el 12 de febrero de este a\u00f1o, sin embargo, desde la organizaci\u00f3n decidieron aplazar esta fecha debido al \u201cbrote de coronavirus, la preocupaci\u00f3n por los viajes y otras circunstancias\u201d. Puedes ver el comunicado completo, junto con las \u00faltimas actualizaciones de este evento, en el sitio web oficial del MWC.<\/p>\n\n\n\n<div class=\"wp-block-image\"><figure class=\"aligncenter\"><img loading=\"lazy\" decoding=\"async\" width=\"980\" height=\"654\" src=\"https:\/\/www.creattiva.cl\/blog-hosting\/wp-content\/uploads\/2020\/02\/mobile-world-congress.jpg\" alt=\"\" class=\"wp-image-3409\" srcset=\"https:\/\/www.creattiva.cl\/blog-hosting\/wp-content\/uploads\/2020\/02\/mobile-world-congress.jpg 980w, https:\/\/www.creattiva.cl\/blog-hosting\/wp-content\/uploads\/2020\/02\/mobile-world-congress-300x200.jpg 300w, https:\/\/www.creattiva.cl\/blog-hosting\/wp-content\/uploads\/2020\/02\/mobile-world-congress-768x513.jpg 768w\" sizes=\"auto, (max-width: 980px) 100vw, 980px\" \/><figcaption>GSMA, compa\u00f1\u00eda organizadora del Mobile World Congress, decidi\u00f3 reprogramar el evento luego que m\u00e1s de 30 compa\u00f1\u00edas cancelaran su asistencia, debido a la propagaci\u00f3n internacional del COVID-19.<\/figcaption><\/figure><\/div>\n\n\n\n<\/br>\n\n\n\n<h3 class=\"wp-block-heading\">CloudFest<\/h3>\n\n\n\n<p><strong>Fecha<\/strong>: del 14 al 19 de marzo.<br><\/p>\n\n\n\n<p><strong>Lugar<\/strong>: Europa-Park, municipio de Rust, Alemania.<br><\/p>\n\n\n\n<p><strong>Sitio web<\/strong>: <a href=\"https:\/\/www.cloudfest.com\/\">www.cloudfest.com<\/a><\/p>\n\n\n\n<p><strong>Precios<\/strong>: Desde $399 a $1.199\u20ac EUR.<\/p>\n\n\n\n<p><strong>Twitter<\/strong>: <a href=\"https:\/\/twitter.com\/cloudfest\">twitter.com\/cloudfest<\/a><\/p>\n\n\n\n<\/br>\n\n\n\n<h3 class=\"wp-block-heading\">Adobe Summit<\/h3>\n\n\n\n<p><strong>Fecha<\/strong>: del 29 de marzo al 2 de abril.<br><\/p>\n\n\n\n<p><strong>Lugar<\/strong>: Caesars Forum, Las Vegas, Estados Unidos<br><\/p>\n\n\n\n<p><strong>Sitio web<\/strong>: <a href=\"https:\/\/summit.adobe.com\/na\/\">summit.adobe.com<\/a><\/p>\n\n\n\n<p><strong>Precios<\/strong>: desde $1.495 a $2.095 USD.<\/p>\n\n\n\n<p><strong>Twitter<\/strong>: <a href=\"https:\/\/twitter.com\/adobesummit\">twitter.com\/adobesummit<\/a><\/p>\n\n\n\n<figure class=\"wp-block-image\"><img loading=\"lazy\" decoding=\"async\" width=\"900\" height=\"675\" src=\"https:\/\/www.creattiva.cl\/blog-hosting\/wp-content\/uploads\/2020\/02\/adobe-summit-twenty.jpg\" alt=\"\" class=\"wp-image-3420\" srcset=\"https:\/\/www.creattiva.cl\/blog-hosting\/wp-content\/uploads\/2020\/02\/adobe-summit-twenty.jpg 900w, https:\/\/www.creattiva.cl\/blog-hosting\/wp-content\/uploads\/2020\/02\/adobe-summit-twenty-300x225.jpg 300w, https:\/\/www.creattiva.cl\/blog-hosting\/wp-content\/uploads\/2020\/02\/adobe-summit-twenty-768x576.jpg 768w\" sizes=\"auto, (max-width: 900px) 100vw, 900px\" \/><figcaption> La banda estadounidense Twenty One Pilots animar\u00e1 la versi\u00f3n 2020 de Adobe Summit. <\/figcaption><\/figure>\n\n\n\n<\/br>\n\n\n\n<h3 class=\"wp-block-heading\">Google Cloud Next<\/h3>\n\n\n\n<p><strong>Fecha<\/strong>: del 6 al 8 de abril.<br><\/p>\n\n\n\n<p><strong>Lugar<\/strong>: Moscone Center, San Francisco, Estados unidos.<br><\/p>\n\n\n\n<p><strong>Sitio web<\/strong>: <a href=\"https:\/\/cloud.withgoogle.com\/next\/sf\/\">www.cloud.withgoogle.com\/next\/sf\/<\/a><\/p>\n\n\n\n<p><strong>Precios<\/strong>: entrada general de $1.699 USD.<\/p>\n\n\n\n<p><strong>Twitter<\/strong>: <a href=\"https:\/\/twitter.com\/googlecloud\">twitter.com\/googlecloud<\/a><\/p>\n\n\n\n<\/br>\n\n\n\n<h3 class=\"wp-block-heading\">Red Hat Summit<\/h3>\n\n\n\n<p><strong>Fecha<\/strong>: del 27 al 29 de abril.<br><\/p>\n\n\n\n<p><strong>Lugar<\/strong>: Moscone Center, San Francisco, Estados unidos.<br><\/p>\n\n\n\n<p><strong>Sitio web<\/strong>: <a href=\"https:\/\/www.redhat.com\/en\/summit\">www.redhat.com\/en\/summit<\/a><\/p>\n\n\n\n<p><strong>Precios<\/strong>: desde $1.395 a $1.995 USD.<\/p>\n\n\n\n<p><strong>Twitter<\/strong>: <a href=\"https:\/\/twitter.com\/redhatsummit\">twitter.com\/redhatsummit<\/a><\/p>\n\n\n\n<\/br>\n\n\n\n<h3 class=\"wp-block-heading\">DELL Technologies World<\/h3>\n\n\n\n<p><strong>Fecha<\/strong>: del 4 al 7 de mayo.<br><\/p>\n\n\n\n<p><strong>Lugar<\/strong>: The Venetian, Las Vegas, Estados Unidos.<br><\/p>\n\n\n\n<p><strong>Sitio web<\/strong>: <a href=\"https:\/\/www.delltechnologiesworld.com\/index.htm\">www.delltechnologiesworld.com<\/a><\/p>\n\n\n\n<p><strong>Precios<\/strong>: desde $2.295 a $2.495 USD.<\/p>\n\n\n\n<p><strong>Twitter<\/strong>: <a href=\"https:\/\/twitter.com\/delltechworld\">twitter.com\/delltechworld<\/a><\/p>\n\n\n\n\n\n\n\n<\/br>\n\n\n\n<h3 class=\"wp-block-heading\">Digital Enterprise Show<\/h3>\n\n\n\n<p><strong>Fecha<\/strong>:del 19 al 21 de mayo.<br><\/p>\n\n\n\n<p><strong>Lugar<\/strong>: IFEMA, Madrid, Espa\u00f1a.<br><\/p>\n\n\n\n<p><strong>Sitio web<\/strong>: <a href=\"https:\/\/www.des-madrid.com\/\">www.des-madrid.com<\/a><\/p>\n\n\n\n<p><strong>Precios<\/strong>: desde los $60 a $1.500\u20ac EUR.<\/p>\n\n\n\n<p><strong>Twitter<\/strong>: <a href=\"https:\/\/twitter.com\/des_show\/\">twitter.com\/des_show<\/a><\/p>\n\n\n\n<\/br>\n\n\n\n<h3 class=\"wp-block-heading\">Microsoft Build<\/h3>\n\n\n\n<p><strong>Fecha<\/strong>: del 19 al 21 de mayo.<br><\/p>\n\n\n\n<p><strong>Lugar<\/strong>: Washington State Convention Center, Seattle, Estados Unidos.<br><\/p>\n\n\n\n<p><strong>Sitio web<\/strong>: <a href=\"https:\/\/www.microsoft.com\/en-us\/build\">www.microsoft.com\/en-us\/build<\/a><\/p>\n\n\n\n<p><strong>Precios<\/strong>: entrada general de $2.395 USD.<\/p>\n\n\n\n<p><strong>Twitter<\/strong>: <a href=\"https:\/\/twitter.com\/Microsoft\">twitter.com\/Microsoft<\/a><\/p>\n\n\n\n<\/br>\n\n\n\n<h3 class=\"wp-block-heading\">Oracle Open World Latin America<\/h3>\n\n\n\n<p><strong>Fecha<\/strong>: del 17 al 18 de junio.<br><\/p>\n\n\n\n<p><strong>Lugar<\/strong>: Funda\u00e7\u00e3o Bienal, Sao Paulo, Brasil.<br><\/p>\n\n\n\n<p><strong>Sitio web<\/strong>:  <a href=\"https:\/\/www.oracle.com\/openworld\/global\/\">www.oracle.com\/openworld\/global\/<\/a> <\/p>\n\n\n\n<p><strong>Precios<\/strong>: entrada liberada con previa inscripci\u00f3n.<\/p>\n\n\n\n<p><strong>Twitter<\/strong>:<a href=\"https:\/\/twitter.com\/oracledobrasil\"> twitter.com\/oracledobrasil<\/a><\/p>\n\n\n\n<\/br>\n\n\n\n<div class=\"wp-block-image\"><figure class=\"aligncenter\"><img loading=\"lazy\" decoding=\"async\" width=\"1024\" height=\"682\" src=\"https:\/\/www.creattiva.cl\/blog-hosting\/wp-content\/uploads\/2020\/02\/oracle-world-1024x682.jpg\" alt=\"\" class=\"wp-image-3407\" srcset=\"https:\/\/www.creattiva.cl\/blog-hosting\/wp-content\/uploads\/2020\/02\/oracle-world-1024x682.jpg 1024w, https:\/\/www.creattiva.cl\/blog-hosting\/wp-content\/uploads\/2020\/02\/oracle-world-300x200.jpg 300w, https:\/\/www.creattiva.cl\/blog-hosting\/wp-content\/uploads\/2020\/02\/oracle-world-768x511.jpg 768w, https:\/\/www.creattiva.cl\/blog-hosting\/wp-content\/uploads\/2020\/02\/oracle-world.jpg 1200w\" sizes=\"auto, (max-width: 1024px) 100vw, 1024px\" \/><figcaption>En la \u00faltima edici\u00f3n realizada en San Francisco, el CEO de la compa\u00f1\u00eda, Larry Ellison, revel\u00f3 que Oracle instalar\u00e1 un gran datacenter en Chile para el a\u00f1o 2020.<\/figcaption><\/figure><\/div>\n\n\n\n<h3 class=\"wp-block-heading\">HPE Discover<\/h3>\n\n\n\n<p><strong>Fecha<\/strong>: del 23 al 25 de junio.<br><\/p>\n\n\n\n<p><strong>Lugar<\/strong>: The Venetian, Las Vegas, Estados Unidos.<br><\/p>\n\n\n\n<p><strong>Sitio web<\/strong>: <a href=\"https:\/\/www.hpe.com\/us\/en\/home.html\">www.hpe.com\/us\/en\/home.html<\/a><\/p>\n\n\n\n<p><strong>Precios<\/strong>: desde $225 a $1.595 USD.<\/p>\n\n\n\n<p><strong>Twitter<\/strong>: <a href=\"https:\/\/twitter.com\/hpe\">twitter.com\/hpe<\/a><\/p>\n\n\n\n<\/br>\n\n\n\n<h3 class=\"wp-block-heading\">Oracle Open World Las Vegas<\/h3>\n\n\n\n<p><strong>Fecha<\/strong>: del 21 al 24 de septiembre.<br><\/p>\n\n\n\n<p><strong>Lugar<\/strong>: Las Vegas, Estados Unidos (recinto por confirmar).<br><\/p>\n\n\n\n<p><strong>Sitio web<\/strong>: <a href=\"https:\/\/www.oracle.com\/openworld\/\">www.oracle.com\/openworld<\/a><\/p>\n\n\n\n<p><strong>Precios<\/strong>: por confirmar.<\/p>\n\n\n\n<p><strong>Twitter<\/strong>:<a href=\"https:\/\/twitter.com\/oracleopenworld\"> twitter.com\/oracleopenworld<\/a><\/p>\n\n\n\n<\/br>\n\n\n\n<h3 class=\"wp-block-heading\">Cyber Security &amp; Cloud Expo<\/h3>\n\n\n\n<p><strong>Fecha<\/strong>: 4 y 5 de noviembre.<br><\/p>\n\n\n\n<p><strong>Lugar<\/strong>: Santa Clara Convention Center, Silicon Valley, Estados Unidos.<br><\/p>\n\n\n\n<p><strong>Sitio web<\/strong>: <a href=\"https:\/\/www.cybersecuritycloudexpo.com\/\">www.cybersecuritycloudexpo.com<\/a><\/p>\n\n\n\n<p><strong>Precios<\/strong>: Desde $139 a $1.499 USD. Si solamente quieres ir a la zona de exhibici\u00f3n y puestos comerciales, existen entradas gratuitas con previa inscripci\u00f3n..<\/p>\n\n\n\n<p><strong>Twitter<\/strong>: <a href=\"https:\/\/twitter.com\/CyberSec_Expo\">twitter.com\/CyberSec_Expo<\/a><\/p>\n\n\n\n<\/br>\n\n\n\n<h3 class=\"wp-block-heading\">AWS re:Invent<\/h3>\n\n\n\n<p><strong>Fecha<\/strong>:del 30 al 4 de diciembre de 2020.<br><\/p>\n\n\n\n<p><strong>Lugar<\/strong>: Las Vegas, Estados Unidos (recinto por confirmar)<br><\/p>\n\n\n\n<p><strong>Sitio web<\/strong>:<a href=\"https:\/\/reinvent.awsevents.com\/\"> reinvent.awsevents.com<\/a><\/p>\n\n\n\n<p><strong>Precios<\/strong>: por confirmar.<\/p>\n\n\n\n<p><strong>Twitter<\/strong>: <a href=\"https:\/\/twitter.com\/AWSreInvent\">twitter.com\/AWSreInvent<\/a><\/p>\n","protected":false},"excerpt":{"rendered":"<p>Los eventos, ferias, congresos y exposiciones que marcar\u00e1n tendencia este a\u00f1o.<\/p>\n","protected":false},"author":1,"featured_media":3426,"comment_status":"open","ping_status":"closed","sticky":false,"template":"","format":"standard","meta":{"_blog_ai_meta_title":"","_blog_ai_meta_description":"Los eventos, ferias, congresos y exposiciones que marcar\u00e1n tendencia este a\u00f1o. No puedes planificar tus movimientos para este 2020...","_blog_ai_faq_schema":"","_blog_ai_author_schema":"","_blog_ai_author_bio":"","_blog_ai_author_avatar":"","_blog_ai_author_avatar_url":"","footnotes":""},"categories":[34,100,60],"tags":[360,358,249,250],"class_list":["post-3386","post","type-post","status-publish","format-standard","has-post-thumbnail","hentry","category-cloud","category-style","category-tech","tag-congresos-2020","tag-eventos-2020","tag-eventos-digitales","tag-eventos-tecnologicos"],"_links":{"self":[{"href":"https:\/\/www.creattiva.cl\/blog-hosting\/wp-json\/wp\/v2\/posts\/3386","targetHints":{"allow":["GET"]}}],"collection":[{"href":"https:\/\/www.creattiva.cl\/blog-hosting\/wp-json\/wp\/v2\/posts"}],"about":[{"href":"https:\/\/www.creattiva.cl\/blog-hosting\/wp-json\/wp\/v2\/types\/post"}],"author":[{"embeddable":true,"href":"https:\/\/www.creattiva.cl\/blog-hosting\/wp-json\/wp\/v2\/users\/1"}],"replies":[{"embeddable":true,"href":"https:\/\/www.creattiva.cl\/blog-hosting\/wp-json\/wp\/v2\/comments?post=3386"}],"version-history":[{"count":47,"href":"https:\/\/www.creattiva.cl\/blog-hosting\/wp-json\/wp\/v2\/posts\/3386\/revisions"}],"predecessor-version":[{"id":4942,"href":"https:\/\/www.creattiva.cl\/blog-hosting\/wp-json\/wp\/v2\/posts\/3386\/revisions\/4942"}],"wp:featuredmedia":[{"embeddable":true,"href":"https:\/\/www.creattiva.cl\/blog-hosting\/wp-json\/wp\/v2\/media\/3426"}],"wp:attachment":[{"href":"https:\/\/www.creattiva.cl\/blog-hosting\/wp-json\/wp\/v2\/media?parent=3386"}],"wp:term":[{"taxonomy":"category","embeddable":true,"href":"https:\/\/www.creattiva.cl\/blog-hosting\/wp-json\/wp\/v2\/categories?post=3386"},{"taxonomy":"post_tag","embeddable":true,"href":"https:\/\/www.creattiva.cl\/blog-hosting\/wp-json\/wp\/v2\/tags?post=3386"}],"curies":[{"name":"wp","href":"https:\/\/api.w.org\/{rel}","templated":true}]}}